{"id":2655,"date":"2020-07-06T14:13:21","date_gmt":"2020-07-06T18:13:21","guid":{"rendered":"https:\/\/avocadosfrommexico.ca\/?p=2655"},"modified":"2020-09-06T01:43:00","modified_gmt":"2020-09-06T05:43:00","slug":"collations-sante-vive-lavocat","status":"publish","type":"post","link":"https:\/\/avocadosfrommexico.ca\/fr\/collations-sante-vive-lavocat\/","title":{"rendered":"Collations sant\u00e9, vive l\u2019avocat\u00a0!"},"content":{"rendered":"\n\n<div class=\"kk-star-ratings kksr-auto kksr-align-left kksr-valign-top\"\n    data-payload='{&quot;align&quot;:&quot;left&quot;,&quot;id&quot;:&quot;2655&quot;,&quot;slug&quot;:&quot;default&quot;,&quot;valign&quot;:&quot;top&quot;,&quot;ignore&quot;:&quot;&quot;,&quot;reference&quot;:&quot;auto&quot;,&quot;class&quot;:&quot;&quot;,&quot;count&quot;:&quot;0&quot;,&quot;legendonly&quot;:&quot;&quot;,&quot;readonly&quot;:&quot;&quot;,&quot;score&quot;:&quot;0&quot;,&quot;starsonly&quot;:&quot;&quot;,&quot;best&quot;:&quot;5&quot;,&quot;gap&quot;:&quot;6&quot;,&quot;greet&quot;:&quot;Rate this!&quot;,&quot;legend&quot;:&quot;0\\\/5 - (0 votes)&quot;,&quot;size&quot;:&quot;22&quot;,&quot;title&quot;:&quot;Collations sant\u00e9, vive l\u2019avocat\u00a0!&quot;,&quot;width&quot;:&quot;0&quot;,&quot;_legend&quot;:&quot;{score}\\\/{best} - ({count} {votes})&quot;,&quot;font_factor&quot;:&quot;1.25&quot;}'>\n            \n<div class=\"kksr-stars\">\n    \n<div class=\"kksr-stars-inactive\">\n            <div class=\"kksr-star\" data-star=\"1\" style=\"padding-right: 6px\">\n            \n\n<div class=\"kksr-icon\" style=\"width: 22px; height: 22px;\"><\/div>\n        <\/div>\n            <div class=\"kksr-star\" data-star=\"2\" style=\"padding-right: 6px\">\n            \n\n<div class=\"kksr-icon\" style=\"width: 22px; height: 22px;\"><\/div>\n        <\/div>\n            <div class=\"kksr-star\" data-star=\"3\" style=\"padding-right: 6px\">\n            \n\n<div class=\"kksr-icon\" style=\"width: 22px; height: 22px;\"><\/div>\n        <\/div>\n            <div class=\"kksr-star\" data-star=\"4\" style=\"padding-right: 6px\">\n            \n\n<div class=\"kksr-icon\" style=\"width: 22px; height: 22px;\"><\/div>\n        <\/div>\n            <div class=\"kksr-star\" data-star=\"5\" style=\"padding-right: 6px\">\n            \n\n<div class=\"kksr-icon\" style=\"width: 22px; height: 22px;\"><\/div>\n        <\/div>\n    <\/div>\n    \n<div class=\"kksr-stars-active\" style=\"width: 0px;\">\n            <div class=\"kksr-star\" style=\"padding-right: 6px\">\n            \n\n<div class=\"kksr-icon\" style=\"width: 22px; height: 22px;\"><\/div>\n        <\/div>\n            <div class=\"kksr-star\" style=\"padding-right: 6px\">\n            \n\n<div class=\"kksr-icon\" style=\"width: 22px; height: 22px;\"><\/div>\n        <\/div>\n            <div class=\"kksr-star\" style=\"padding-right: 6px\">\n            \n\n<div class=\"kksr-icon\" style=\"width: 22px; height: 22px;\"><\/div>\n        <\/div>\n            <div class=\"kksr-star\" style=\"padding-right: 6px\">\n            \n\n<div class=\"kksr-icon\" style=\"width: 22px; height: 22px;\"><\/div>\n        <\/div>\n            <div class=\"kksr-star\" style=\"padding-right: 6px\">\n            \n\n<div class=\"kksr-icon\" style=\"width: 22px; height: 22px;\"><\/div>\n        <\/div>\n    <\/div>\n<\/div>\n                \n\n<div class=\"kksr-legend\" style=\"font-size: 17.6px;\">\n            <span class=\"kksr-muted\">Rate this!<\/span>\n    <\/div>\n    <\/div>\n<p>Privil\u00e9giez-vous des ap\u00e9ros sant\u00e9 avec vos proches\u00a0? Il est toujours temps d\u2019introduire l\u2019avocat dans vos mises en bouche. Polyvalent et simple \u00e0 cuisiner, l\u2019avocat est l\u2019aliment parfait pour des trempettes, des tartinades ou des brochettes. Une \u00e9tude a d\u00e9montr\u00e9 que les aliments de grande qualit\u00e9 (les l\u00e9gumes, fruits, grains entiers, noix et yogourt) \u00e9taient associ\u00e9s \u00e0 une prise de poids moins importante au fil du temps, alors que les aliments de faible qualit\u00e9 (croustilles, boissons sucr\u00e9es, viandes rouges transform\u00e9es) entrainent une prise de poids \u00e0 long terme. Alors, n\u2019h\u00e9sitez pas \u00e0 opter pour l\u2019avocat\u00a0! C\u2019est un aliment de grande qualit\u00e9, rempli de nutriments essentiels.<\/p>\n<p>D\u00e9couvrez nos d\u00e9licieuses <a href=\"https:\/\/avocadosfrommexico.ca\/fr\/recettes\/plat\/entrees-et-amuse-gueules\/\"><strong>avo-recettes<\/strong><\/a> de collations!<\/p>\n","protected":false},"excerpt":{"rendered":"<p>Privil\u00e9giez-vous des ap\u00e9ros sant\u00e9 avec vos proches\u00a0? Il est toujours temps d\u2019introduire l\u2019avocat dans vos mises en bouche. Polyvalent et simple \u00e0 cuisiner, l\u2019avocat est l\u2019aliment parfait pour des trempettes,&hellip;<\/p>\n","protected":false},"author":1,"featured_media":1778,"comment_status":"closed","ping_status":"closed","sticky":false,"template":"","format":"standard","meta":{"_acf_changed":false,"_seopress_robots_primary_cat":"none","_seopress_titles_title":"","_seopress_titles_desc":"","_seopress_robots_index":"","footnotes":""},"categories":[2],"tags":[],"class_list":["post-2655","post","type-post","status-publish","format-standard","has-post-thumbnail","hentry","category-non-classifiee"],"acf":[],"_links":{"self":[{"href":"https:\/\/avocadosfrommexico.ca\/fr\/wp-json\/wp\/v2\/posts\/2655","targetHints":{"allow":["GET"]}}],"collection":[{"href":"https:\/\/avocadosfrommexico.ca\/fr\/wp-json\/wp\/v2\/posts"}],"about":[{"href":"https:\/\/avocadosfrommexico.ca\/fr\/wp-json\/wp\/v2\/types\/post"}],"author":[{"embeddable":true,"href":"https:\/\/avocadosfrommexico.ca\/fr\/wp-json\/wp\/v2\/users\/1"}],"replies":[{"embeddable":true,"href":"https:\/\/avocadosfrommexico.ca\/fr\/wp-json\/wp\/v2\/comments?post=2655"}],"version-history":[{"count":0,"href":"https:\/\/avocadosfrommexico.ca\/fr\/wp-json\/wp\/v2\/posts\/2655\/revisions"}],"wp:featuredmedia":[{"embeddable":true,"href":"https:\/\/avocadosfrommexico.ca\/fr\/wp-json\/wp\/v2\/media\/1778"}],"wp:attachment":[{"href":"https:\/\/avocadosfrommexico.ca\/fr\/wp-json\/wp\/v2\/media?parent=2655"}],"wp:term":[{"taxonomy":"category","embeddable":true,"href":"https:\/\/avocadosfrommexico.ca\/fr\/wp-json\/wp\/v2\/categories?post=2655"},{"taxonomy":"post_tag","embeddable":true,"href":"https:\/\/avocadosfrommexico.ca\/fr\/wp-json\/wp\/v2\/tags?post=2655"}],"curies":[{"name":"wp","href":"https:\/\/api.w.org\/{rel}","templated":true}]}}